{"id":5765,"date":"2022-04-21T14:39:10","date_gmt":"2022-04-21T12:39:10","guid":{"rendered":"https:\/\/www.gruppomossali.com\/?p=5765"},"modified":"2022-04-21T14:42:16","modified_gmt":"2022-04-21T12:42:16","slug":"earth-day-2022","status":"publish","type":"post","link":"https:\/\/www.gruppomossali.com\/it\/earth-day-2022\/","title":{"rendered":"Earth Day 2022"},"content":{"rendered":"<h1><span style=\"font-weight: 400;\">Earth Day 2022: fotovoltaico e impatto sul cambiamento climatico<\/span><\/h1>\n<p><span style=\"font-weight: 400;\">Celebrato il 22 aprile, <\/span><b>l\u2019Earth Day \u00e8 la Giornata della Terra<\/b><span style=\"font-weight: 400;\">, un appuntamento il cui obiettivo \u00e8 quello di sensibilizzare l\u2019opinione pubblica a proposito di un tema centrale che riguarda ognuno di noi: la necessit\u00e0 di proteggere il pianeta su cui viviamo.<\/span><\/p>\n<h2><span style=\"font-weight: 400;\">Earth day 2022 cos&#8217;\u00e8<\/span><\/h2>\n<p><span style=\"font-weight: 400;\">L\u2019Earth Day 2022 \u00e8 una giornata scelta per celebrare le risorse naturali e l\u2019ambiente, in modo da favorire la salvaguardia del pianeta. La prima volta in cui <\/span><b>la Giornata della Terra<\/b><span style=\"font-weight: 400;\"> \u00e8 stata celebrata risale al 22 aprile del 1970, giorno che oggi viene indicato anche come data di nascita del movimento ambientalista moderno. Negli Stati Uniti, quasi 20 milioni di persone diedero vita a una manifestazione finalizzata alla tutela dell\u2019ambiente, su iniziativa di Gaylord Nelson, senatore democratico del Wisconsin.\u00a0<\/span><\/p>\n<h2><span style=\"font-weight: 400;\">Perch\u00e9 si celebra l\u2019Earth Day?<\/span><\/h2>\n<p><span style=\"font-weight: 400;\">L\u2019Earth Day vuole mettere in evidenza che il nostro pianeta \u00e8 in pericolo: tutti gli anni il 22 aprile vengono organizzati eventi e manifestazioni in ogni angolo del mondo. Fra gli scopi della ricorrenza, che \u00e8 stata <\/span><b>decretata dalle Nazioni Unite<\/b><span style=\"font-weight: 400;\">, c\u2019\u00e8 quello di piantare in tutto il pianeta pi\u00f9 di un miliardo di alberi, a dimostrazione della necessit\u00e0 di ritrovare l\u2019equilibrio che occorre per tutelare la Terra.\u00a0<\/span><\/p>\n<h2><span style=\"font-weight: 400;\">Cosa fare durante la Giornata della Terra?<\/span><\/h2>\n<p><span style=\"font-weight: 400;\">Sono numerose le iniziative previste per la Giornata della Terra in una prospettiva di educazione ambientale. Ognuno di noi nel proprio piccolo pu\u00f2 dare un contributo, prestando attenzione agli sprechi e ai comportamenti sbagliati che sono alla base del <\/span><b>cambiamento climatico<\/b><span style=\"font-weight: 400;\">: per contrastarlo \u00e8 indispensabile, fra l\u2019altro, cercare di ridurre il pi\u00f9 possibile le emissioni inquinanti.\u00a0<\/span><\/p>\n<h2><span style=\"font-weight: 400;\">Earth Day e cambiamento climatico<\/span><\/h2>\n<p><span style=\"font-weight: 400;\">L\u2019Earth Day, quindi, \u00e8 la giusta occasione per riflettere sul valore dell\u2019educazione ambientale. Quello di cui c\u2019\u00e8 bisogno \u00e8 un <\/span><b>processo di alfabetizzazione<\/b><span style=\"font-weight: 400;\"> relativo al clima e all\u2019ambiente. Il progresso pu\u00f2 scaturire solo dall\u2019istruzione, e per questo motivo \u00e8 indispensabile che la popolazione di tutto il mondo sia a conoscenza delle potenziali conseguenze dei cambiamenti climatici, che costituiscono una vera e propria minaccia. Grazie all\u2019educazione ambientale \u00e8 possibile anche adottare politiche e leggi che aiutino a costruire una societ\u00e0 a emissioni inquinanti ridotte.\u00a0<\/span><\/p>\n<h2><span style=\"font-weight: 400;\">Fotovoltaico contro gli effetti del cambiamento climatico<\/span><\/h2>\n<p><span style=\"font-weight: 400;\">Il <a href=\"https:\/\/www.gruppomossali.com\/it\/impianti-fotovoltaici\/\">fotovoltaico<\/a> \u00e8 un eccellente rimedio rispetto agli effetti del cambiamento climatico: la via da percorrere per procedere <\/span><b>verso un futuro pulito<\/b><span style=\"font-weight: 400;\">. Il rapporto fra impianti fotovoltaici e sostenibilit\u00e0 elettrica \u00e8 molto stretto, dato che questi sistemi consentono di usufruire dell\u2019energia del sole, che \u2013 come noto \u2013 \u00e8 pulita e rinnovabile. Gli impianti fotovoltaici, proprio per questo motivo, sono decisamente consigliati sia in ambito domestico che per gli stabilimenti industriali e, in generale, qualunque tipo di edificio: \u00e8 anche grazie a loro se \u00e8 possibile adeguarsi agli obiettivi energetici stabiliti per il 2030.\u00a0<\/span><\/p>\n<h2><span style=\"font-weight: 400;\">Impianti fotovoltaici e Gruppo Mossali\u00a0<\/span><\/h2>\n<p><span style=\"font-weight: 400;\">Gli impianti fotovoltaici di <\/span><b>Gruppo Mossali<\/b><span style=\"font-weight: 400;\"> rappresentano la soluzione ideale per avere a disposizione energia pulita e contribuire, nel proprio piccolo, a limitare il cambiamento climatico. <\/span><a href=\"https:\/\/www.gruppomossali.com\/it\/impianti-fotovoltaici\/\"><span style=\"font-weight: 400;\">Contattaci<\/span><\/a><span style=\"font-weight: 400;\"> se vuoi scoprire i nostri impianti e richiedere un preventivo.\u00a0<\/span><\/p>\n<p>&nbsp;<\/p>\n","protected":false},"excerpt":{"rendered":"<p>Earth Day 2022: fotovoltaico e impatto sul cambiamento climatico Celebrato il 22 aprile, l\u2019Earth Day \u00e8 la Giornata della Terra, un appuntamento il cui obiettivo \u00e8 quello di sensibilizzare l\u2019opinione pubblica a proposito di un tema centrale che riguarda ognuno di noi: la necessit\u00e0 di proteggere il pianeta su cui viviamo. Earth day 2022 cos&#8217;\u00e8 [&hellip;]<\/p>\n","protected":false},"author":1,"featured_media":5767,"comment_status":"closed","ping_status":"closed","sticky":false,"template":"","format":"standard","meta":[],"categories":[9],"tags":[],"yoast_head":"<!-- This site is optimized with the Yoast SEO plugin v20.3 - https:\/\/yoast.com\/wordpress\/plugins\/seo\/ -->\n<title>Earth Day 2022: fotovoltaico e impatto sul cambiamento climatico<\/title>\n<meta name=\"robots\" content=\"index, follow, max-snippet:-1, max-image-preview:large, max-video-preview:-1\" \/>\n<link rel=\"canonical\" href=\"https:\/\/www.gruppomossali.com\/it\/earth-day-2022\/\" \/>\n<meta property=\"og:locale\" content=\"it_IT\" \/>\n<meta property=\"og:type\" content=\"article\" \/>\n<meta property=\"og:title\" content=\"Earth Day 2022: fotovoltaico e impatto sul cambiamento climatico\" \/>\n<meta property=\"og:description\" content=\"Earth Day 2022: fotovoltaico e impatto sul cambiamento climatico Celebrato il 22 aprile, l\u2019Earth Day \u00e8 la Giornata della Terra, un appuntamento il cui obiettivo \u00e8 quello di sensibilizzare l\u2019opinione pubblica a proposito di un tema centrale che riguarda ognuno di noi: la necessit\u00e0 di proteggere il pianeta su cui viviamo. Earth day 2022 cos&#8217;\u00e8 [&hellip;]\" \/>\n<meta property=\"og:url\" content=\"https:\/\/www.gruppomossali.com\/it\/earth-day-2022\/\" \/>\n<meta property=\"og:site_name\" content=\"Gruppo Mossali\" \/>\n<meta property=\"article:published_time\" content=\"2022-04-21T12:39:10+00:00\" \/>\n<meta property=\"article:modified_time\" content=\"2022-04-21T12:42:16+00:00\" \/>\n<meta property=\"og:image\" content=\"https:\/\/www.gruppomossali.com\/wp-content\/uploads\/2022\/04\/Earth-Day-2022.jpg\" \/>\n\t<meta property=\"og:image:width\" content=\"912\" \/>\n\t<meta property=\"og:image:height\" content=\"684\" \/>\n\t<meta property=\"og:image:type\" content=\"image\/jpeg\" \/>\n<meta name=\"author\" content=\"odi\" \/>\n<meta name=\"twitter:card\" content=\"summary_large_image\" \/>\n<meta name=\"twitter:label1\" content=\"Scritto da\" \/>\n\t<meta name=\"twitter:data1\" content=\"odi\" \/>\n\t<meta name=\"twitter:label2\" content=\"Tempo di lettura stimato\" \/>\n\t<meta name=\"twitter:data2\" content=\"3 minuti\" \/>\n<script type=\"application\/ld+json\" class=\"yoast-schema-graph\">{\"@context\":\"https:\/\/schema.org\",\"@graph\":[{\"@type\":\"WebPage\",\"@id\":\"https:\/\/www.gruppomossali.com\/it\/earth-day-2022\/\",\"url\":\"https:\/\/www.gruppomossali.com\/it\/earth-day-2022\/\",\"name\":\"Earth Day 2022: fotovoltaico e impatto sul cambiamento climatico\",\"isPartOf\":{\"@id\":\"https:\/\/www.gruppomossali.com\/it\/#website\"},\"datePublished\":\"2022-04-21T12:39:10+00:00\",\"dateModified\":\"2022-04-21T12:42:16+00:00\",\"author\":{\"@id\":\"https:\/\/www.gruppomossali.com\/it\/#\/schema\/person\/e39599327cc02ebfa1a449ca4e858cdd\"},\"breadcrumb\":{\"@id\":\"https:\/\/www.gruppomossali.com\/it\/earth-day-2022\/#breadcrumb\"},\"inLanguage\":\"it-IT\",\"potentialAction\":[{\"@type\":\"ReadAction\",\"target\":[\"https:\/\/www.gruppomossali.com\/it\/earth-day-2022\/\"]}]},{\"@type\":\"BreadcrumbList\",\"@id\":\"https:\/\/www.gruppomossali.com\/it\/earth-day-2022\/#breadcrumb\",\"itemListElement\":[{\"@type\":\"ListItem\",\"position\":1,\"name\":\"Home\",\"item\":\"https:\/\/www.gruppomossali.com\/it\/\"},{\"@type\":\"ListItem\",\"position\":2,\"name\":\"Earth Day 2022\"}]},{\"@type\":\"WebSite\",\"@id\":\"https:\/\/www.gruppomossali.com\/it\/#website\",\"url\":\"https:\/\/www.gruppomossali.com\/it\/\",\"name\":\"Gruppo Mossali\",\"description\":\"\",\"potentialAction\":[{\"@type\":\"SearchAction\",\"target\":{\"@type\":\"EntryPoint\",\"urlTemplate\":\"https:\/\/www.gruppomossali.com\/it\/?s={search_term_string}\"},\"query-input\":\"required name=search_term_string\"}],\"inLanguage\":\"it-IT\"},{\"@type\":\"Person\",\"@id\":\"https:\/\/www.gruppomossali.com\/it\/#\/schema\/person\/e39599327cc02ebfa1a449ca4e858cdd\",\"name\":\"odi\"}]}<\/script>\n<!-- \/ Yoast SEO plugin. -->","yoast_head_json":{"title":"Earth Day 2022: fotovoltaico e impatto sul cambiamento climatico","robots":{"index":"index","follow":"follow","max-snippet":"max-snippet:-1","max-image-preview":"max-image-preview:large","max-video-preview":"max-video-preview:-1"},"canonical":"https:\/\/www.gruppomossali.com\/it\/earth-day-2022\/","og_locale":"it_IT","og_type":"article","og_title":"Earth Day 2022: fotovoltaico e impatto sul cambiamento climatico","og_description":"Earth Day 2022: fotovoltaico e impatto sul cambiamento climatico Celebrato il 22 aprile, l\u2019Earth Day \u00e8 la Giornata della Terra, un appuntamento il cui obiettivo \u00e8 quello di sensibilizzare l\u2019opinione pubblica a proposito di un tema centrale che riguarda ognuno di noi: la necessit\u00e0 di proteggere il pianeta su cui viviamo. Earth day 2022 cos&#8217;\u00e8 [&hellip;]","og_url":"https:\/\/www.gruppomossali.com\/it\/earth-day-2022\/","og_site_name":"Gruppo Mossali","article_published_time":"2022-04-21T12:39:10+00:00","article_modified_time":"2022-04-21T12:42:16+00:00","og_image":[{"width":912,"height":684,"url":"https:\/\/www.gruppomossali.com\/wp-content\/uploads\/2022\/04\/Earth-Day-2022.jpg","type":"image\/jpeg"}],"author":"odi","twitter_card":"summary_large_image","twitter_misc":{"Scritto da":"odi","Tempo di lettura stimato":"3 minuti"},"schema":{"@context":"https:\/\/schema.org","@graph":[{"@type":"WebPage","@id":"https:\/\/www.gruppomossali.com\/it\/earth-day-2022\/","url":"https:\/\/www.gruppomossali.com\/it\/earth-day-2022\/","name":"Earth Day 2022: fotovoltaico e impatto sul cambiamento climatico","isPartOf":{"@id":"https:\/\/www.gruppomossali.com\/it\/#website"},"datePublished":"2022-04-21T12:39:10+00:00","dateModified":"2022-04-21T12:42:16+00:00","author":{"@id":"https:\/\/www.gruppomossali.com\/it\/#\/schema\/person\/e39599327cc02ebfa1a449ca4e858cdd"},"breadcrumb":{"@id":"https:\/\/www.gruppomossali.com\/it\/earth-day-2022\/#breadcrumb"},"inLanguage":"it-IT","potentialAction":[{"@type":"ReadAction","target":["https:\/\/www.gruppomossali.com\/it\/earth-day-2022\/"]}]},{"@type":"BreadcrumbList","@id":"https:\/\/www.gruppomossali.com\/it\/earth-day-2022\/#breadcrumb","itemListElement":[{"@type":"ListItem","position":1,"name":"Home","item":"https:\/\/www.gruppomossali.com\/it\/"},{"@type":"ListItem","position":2,"name":"Earth Day 2022"}]},{"@type":"WebSite","@id":"https:\/\/www.gruppomossali.com\/it\/#website","url":"https:\/\/www.gruppomossali.com\/it\/","name":"Gruppo Mossali","description":"","potentialAction":[{"@type":"SearchAction","target":{"@type":"EntryPoint","urlTemplate":"https:\/\/www.gruppomossali.com\/it\/?s={search_term_string}"},"query-input":"required name=search_term_string"}],"inLanguage":"it-IT"},{"@type":"Person","@id":"https:\/\/www.gruppomossali.com\/it\/#\/schema\/person\/e39599327cc02ebfa1a449ca4e858cdd","name":"odi"}]}},"_links":{"self":[{"href":"https:\/\/www.gruppomossali.com\/it\/wp-json\/wp\/v2\/posts\/5765"}],"collection":[{"href":"https:\/\/www.gruppomossali.com\/it\/wp-json\/wp\/v2\/posts"}],"about":[{"href":"https:\/\/www.gruppomossali.com\/it\/wp-json\/wp\/v2\/types\/post"}],"author":[{"embeddable":true,"href":"https:\/\/www.gruppomossali.com\/it\/wp-json\/wp\/v2\/users\/1"}],"replies":[{"embeddable":true,"href":"https:\/\/www.gruppomossali.com\/it\/wp-json\/wp\/v2\/comments?post=5765"}],"version-history":[{"count":4,"href":"https:\/\/www.gruppomossali.com\/it\/wp-json\/wp\/v2\/posts\/5765\/revisions"}],"predecessor-version":[{"id":5771,"href":"https:\/\/www.gruppomossali.com\/it\/wp-json\/wp\/v2\/posts\/5765\/revisions\/5771"}],"wp:featuredmedia":[{"embeddable":true,"href":"https:\/\/www.gruppomossali.com\/it\/wp-json\/wp\/v2\/media\/5767"}],"wp:attachment":[{"href":"https:\/\/www.gruppomossali.com\/it\/wp-json\/wp\/v2\/media?parent=5765"}],"wp:term":[{"taxonomy":"category","embeddable":true,"href":"https:\/\/www.gruppomossali.com\/it\/wp-json\/wp\/v2\/categories?post=5765"},{"taxonomy":"post_tag","embeddable":true,"href":"https:\/\/www.gruppomossali.com\/it\/wp-json\/wp\/v2\/tags?post=5765"}],"curies":[{"name":"wp","href":"https:\/\/api.w.org\/{rel}","templated":true}]}}